{"id":1544,"date":"2020-09-30T10:01:25","date_gmt":"2020-09-30T14:01:25","guid":{"rendered":"https:\/\/www.alfredboivin.com\/wordpress\/?p=1544"},"modified":"2025-08-25T09:21:37","modified_gmt":"2025-08-25T13:21:37","slug":"mecanicien-de-camions-classe-1-2","status":"publish","type":"post","link":"https:\/\/www.alfredboivin.com\/wordpress\/index.php\/2020\/09\/30\/mecanicien-de-camions-classe-1-2\/","title":{"rendered":"M\u00c9CANICIEN DE V\u00c9HICULES LOURDS ROUTIERS"},"content":{"rendered":"<div class=\"flex_column av_one_full  flex_column_div av-zero-column-padding first  \" style='border-radius:0px; '><p><div  data-size='featured'  data-lightbox_size='large'  data-animation='slide'  data-conditional_play=''  data-ids='2760'  data-video_counter='0'  data-autoplay='false'  data-bg_slider='false'  data-slide_height=''  data-handle='av_slideshow'  data-interval='5'  data-class=' '  data-css_id=''  data-scroll_down=''  data-control_layout='av-control-default'  data-custom_markup=''  data-perma_caption=''  data-autoplay_stopper=''  data-image_attachment=''  data-min_height='0px'  data-default-height='28.666666666667'  class='avia-slideshow avia-slideshow-1  av-control-default av-default-height-applied avia-slideshow-featured av_slideshow   avia-slide-slider '  itemprop=\"ImageObject\" itemscope=\"itemscope\" itemtype=\"https:\/\/schema.org\/ImageObject\" ><ul class='avia-slideshow-inner ' style='padding-bottom: 56.282722513089%;' ><li  class=' av-single-slide slide-1 ' ><div data-rel='slideshow-1' class='avia-slide-wrap '   ><img src='https:\/\/www.alfredboivin.com\/wordpress\/wp-content\/uploads\/2020\/09\/20211008_135019.jpg' width='764' height='430' title='20211008_135019' alt=''  itemprop=\"thumbnailUrl\"   \/><\/div><\/li><\/ul><\/div><br \/>\n<div style='padding-bottom:10px; ' class='av-special-heading av-special-heading-h3  blockquote modern-quote modern-centered   '><h3 class='av-special-heading-tag '  itemprop=\"headline\"  >M\u00c9CANICIEN V\u00c9HICULES LOURDS ROUTIERS<\/h3><div class='special-heading-border'><div class='special-heading-inner-border' ><\/div><\/div><\/div><br \/>\n<div style=' margin-top:5px; margin-bottom:35px;'  class='hr hr-custom hr-center hr-icon-no  '><span class='hr-inner   inner-border-av-border-fat' style=' width:50px; border-color:#af0000;' ><span class='hr-inner-style'><\/span><\/span><\/div><br \/>\n<section class=\"av_textblock_section \"  itemscope=\"itemscope\" itemtype=\"https:\/\/schema.org\/BlogPosting\" itemprop=\"blogPost\" ><div class='avia_textblock  '  style='font-size:14px; '  itemprop=\"text\" ><div style=\"text-align: justify;\">Depuis maintenant plus de\u00a0 75 ans, le Groupe Alfred Boivin est un employeur de choix au Saguenay Lac-Saint-Jean. Le succ\u00e8s de notre entreprise est li\u00e9 \u00e0 notre grande diversification, notre mission de toujours livrer des services de qualit\u00e9 sup\u00e9rieure et de fiabilit\u00e9 incomparable avec nos valeurs de respect, d\u2019int\u00e9grit\u00e9, d\u2019innovation, de cr\u00e9ativit\u00e9, d\u2019efficacit\u00e9 et de rigueur. Nous sommes actuellement \u00e0 la recherche de:<\/div>\n<div><\/div>\n<div><\/div>\n<div><\/div>\n<div><\/div>\n<div><\/div>\n<div><\/div>\n<div style=\"text-align: center;\"><strong>M\u00c9CANICIEN DE V\u00c9HICULES LOURDS ROUTIERS<br \/>\n<\/strong><\/div>\n<div><\/div>\n<div><\/div>\n<div><\/div>\n<div class=\"preview-section-header\"><strong><span class=\"preview-section-title\">Description du poste<\/span><\/strong><\/div>\n<div class=\"preview-section-content plugin-corefun\">\n<div id=\"placeholder-for-preview-content-for-description\">\n<div id=\"jD\">\n<p>Les m\u00e9caniciens de v\u00e9hicules lourds exercent les fonctions suivantes:<\/p>\n<ul>\n<li style=\"text-align: justify;\">V\u00e9rifier le fonctionnement des camions routiers.<\/li>\n<li style=\"text-align: justify;\">D\u00e9terminer la nature des d\u00e9fauts et des d\u00e9faillances, en se servant, entre autres, d&rsquo;\u00e9quipements informatiques. Est en mesure d\u2019\u00e9tablir un diagnostic pr\u00e9cis des syst\u00e8mes ou composantes complexes (moteur, transmission, diff\u00e9rentiel\u2026), us\u00e9s ou endommager et d\u00e9terminer l\u2019origine de la panne ou du probl\u00e8me.<\/li>\n<li style=\"text-align: justify;\">Ajuster l&rsquo;\u00e9quipement, r\u00e9parer ou remplacer les pi\u00e8ces d\u00e9fectueuses, y compris le ch\u00e2ssis, le cadre, le moteur et le groupe propulseur, le syst\u00e8me de carburant, les freins \u00e0 air, la direction et les syst\u00e8mes hydrauliques, \u00e9lectriques et \u00e9lectroniques.<\/li>\n<li style=\"text-align: justify;\">Est en mesure de d\u00e9monter, r\u00e9parer et r\u00e9assembler les pi\u00e8ces et composantes complexes, n\u00e9cessitant une r\u00e9paration ou un remplacement pour les v\u00e9hicules et \u00e9quipements.<\/li>\n<li style=\"text-align: justify;\">Est responsable d\u2019entretenir, mettre au point, v\u00e9rifier, inspecter, r\u00e9parer et ajuster les diff\u00e9rents syst\u00e8mes et composantes de divers types de v\u00e9hicules lourds.<\/li>\n<li style=\"text-align: justify;\">Effectue l&rsquo;entretien et la r\u00e9paration des moteurs diesels.<\/li>\n<li style=\"text-align: justify;\">V\u00e9rifie et entretient le syst\u00e8me de d\u00e9marrage et du syst\u00e8me de refroidissement v\u00e9rifier.<\/li>\n<li style=\"text-align: justify;\">R\u00e9pare et ajuste les embrayages, les transmissions manuelles et automatiques, les freins, les syst\u00e8mes d\u2019alimentation et d\u2019injection, etc.<\/li>\n<li style=\"text-align: justify;\">Effectue la v\u00e9rification et la r\u00e9paration des syst\u00e8mes hydrauliques et pneumatiques.<\/li>\n<li style=\"text-align: justify;\">Effectue la v\u00e9rification et la mise au point des syst\u00e8mes \u00e9lectriques et \u00e9lectroniques.<\/li>\n<li style=\"text-align: justify;\">Faire l&rsquo;essai des \u00e9quipements r\u00e9par\u00e9s pour s&rsquo;assurer que les r\u00e9parations soient conformes.<\/li>\n<li style=\"text-align: justify;\">Effectuer des travaux d&rsquo;entretien sur les \u00e9quipements.<\/li>\n<\/ul>\n<p style=\"text-align: justify;\"><b>Profil recherch\u00e9:<\/b><\/p>\n<ul>\n<li>Autonome et d\u00e9brouillard.<\/li>\n<li>Cartes PEP, un atout<\/li>\n<li>\u00catre en mesure de faire des travaux, entre autres sur les moteurs, transmissions et diff\u00e9rentiels.<\/li>\n<li>Connaissance des logiciels des fabricants un atout.<\/li>\n<li>Connaissances des moteurs Cummins et Detroit est un atout.<\/li>\n<li>Sp\u00e9cialit\u00e9 en moteur et transmission est un atout.<\/li>\n<\/ul>\n<p><b>Nombre d&rsquo;ann\u00e9es d&rsquo;exp\u00e9rience professionnelle demand\u00e9:<\/b><\/p>\n<ul>\n<li>5 ans ou plus.<\/li>\n<\/ul>\n<p><b>Conditions de travail et avantages<\/b><\/p>\n<ul>\n<li>Salaire tr\u00e8s comp\u00e9titif, selon exp\u00e9rience;<\/li>\n<li>Horaire modulable (32 \u00e0 50hrs, en 4 ou 5 jours, de jour, de semaine);<\/li>\n<li>\u00c9chelle salariale<\/li>\n<li>R\u00e9gime d\u2019assurance individuelle ou familiale<\/li>\n<li>Activit\u00e9s sociales<\/li>\n<li>Pas de frais de stationnement<\/li>\n<li>Programme d\u2019aide aux employ\u00e9s<\/li>\n<li>Rabais corporatifs pour une multitude de biens et services<\/li>\n<li>Possibilit\u00e9 de participer \u00e0 un RPDB (r\u00e9gime de retraite)<\/li>\n<li>Entente pour v\u00eatements de travail<\/li>\n<li>\u00c9quipements de protection individuelle pay\u00e9e<\/li>\n<\/ul>\n<\/div>\n<\/div>\n<\/div>\n<\/div><\/section><br \/>\n<div class='avia-button-wrap avia-button-center '><a href='https:\/\/www.alfredboivin.com\/wordpress\/index.php\/postuler2\/'  class='avia-button   avia-icon_select-no avia-color-red avia-size-large avia-position-center '   ><span class='avia_iconbox_title' >Postuler<\/span><\/a><\/div><\/p><\/div>\n","protected":false},"excerpt":{"rendered":"","protected":false},"author":1,"featured_media":300,"comment_status":"open","ping_status":"open","sticky":false,"template":"","format":"standard","meta":{"_exactmetrics_skip_tracking":false,"_exactmetrics_sitenote_active":false,"_exactmetrics_sitenote_note":"","_exactmetrics_sitenote_category":0,"footnotes":""},"categories":[34],"tags":[],"class_list":["post-1544","post","type-post","status-publish","format-standard","has-post-thumbnail","hentry","category-transport-alfred-boivin"],"yoast_head":"<!-- This site is optimized with the Yoast SEO Premium plugin v26.8 (Yoast SEO v26.8) - https:\/\/yoast.com\/product\/yoast-seo-premium-wordpress\/ -->\n<title>M\u00c9CANICIEN DE V\u00c9HICULES LOURDS ROUTIERS - Groupe Alfred Boivin<\/title>\n<meta name=\"description\" content=\"Le Groupe Alfred Boivin est \u00e0 la recherche d&#039;un m\u00e9canicien de v\u00e9hicules lourds afin de venir combler son \u00e9quipe!\" \/>\n<meta name=\"robots\" content=\"index, follow, max-snippet:-1, max-image-preview:large, max-video-preview:-1\" \/>\n<link rel=\"canonical\" href=\"https:\/\/www.alfredboivin.com\/wordpress\/index.php\/2020\/09\/30\/mecanicien-de-camions-classe-1-2\/\" \/>\n<meta property=\"og:locale\" content=\"fr_FR\" \/>\n<meta property=\"og:type\" content=\"article\" \/>\n<meta property=\"og:title\" content=\"M\u00c9CANICIEN DE V\u00c9HICULES LOURDS ROUTIERS\" \/>\n<meta property=\"og:description\" content=\"Le Groupe Alfred Boivin est \u00e0 la recherche d&#039;un m\u00e9canicien de v\u00e9hicules lourds afin de venir combler son \u00e9quipe!\" \/>\n<meta property=\"og:url\" content=\"https:\/\/www.alfredboivin.com\/wordpress\/index.php\/2020\/09\/30\/mecanicien-de-camions-classe-1-2\/\" \/>\n<meta property=\"og:site_name\" content=\"Groupe Alfred Boivin\" \/>\n<meta property=\"article:publisher\" content=\"https:\/\/www.facebook.com\/groupealfredboivin\" \/>\n<meta property=\"article:published_time\" content=\"2020-09-30T14:01:25+00:00\" \/>\n<meta property=\"article:modified_time\" content=\"2025-08-25T13:21:37+00:00\" \/>\n<meta property=\"og:image\" content=\"https:\/\/www.alfredboivin.com\/wordpress\/wp-content\/uploads\/2018\/09\/Transport-Alfred-Boivin.png\" \/>\n\t<meta property=\"og:image:width\" content=\"500\" \/>\n\t<meta property=\"og:image:height\" content=\"350\" \/>\n\t<meta property=\"og:image:type\" content=\"image\/png\" \/>\n<meta name=\"author\" content=\"alfredbo\" \/>\n<meta name=\"twitter:card\" content=\"summary_large_image\" \/>\n<meta name=\"twitter:label1\" content=\"\u00c9crit par\" \/>\n\t<meta name=\"twitter:data1\" content=\"alfredbo\" \/>\n\t<meta name=\"twitter:label2\" content=\"Dur\u00e9e de lecture estim\u00e9e\" \/>\n\t<meta name=\"twitter:data2\" content=\"3 minutes\" \/>\n<script type=\"application\/ld+json\" class=\"yoast-schema-graph\">{\"@context\":\"https:\/\/schema.org\",\"@graph\":[{\"@type\":\"Article\",\"@id\":\"https:\/\/www.alfredboivin.com\/wordpress\/index.php\/2020\/09\/30\/mecanicien-de-camions-classe-1-2\/#article\",\"isPartOf\":{\"@id\":\"https:\/\/www.alfredboivin.com\/wordpress\/index.php\/2020\/09\/30\/mecanicien-de-camions-classe-1-2\/\"},\"author\":{\"name\":\"alfredbo\",\"@id\":\"https:\/\/www.alfredboivin.com\/wordpress\/#\/schema\/person\/2f34469d5bc0fb4527f121a25e3d4225\"},\"headline\":\"M\u00c9CANICIEN DE V\u00c9HICULES LOURDS ROUTIERS\",\"datePublished\":\"2020-09-30T14:01:25+00:00\",\"dateModified\":\"2025-08-25T13:21:37+00:00\",\"mainEntityOfPage\":{\"@id\":\"https:\/\/www.alfredboivin.com\/wordpress\/index.php\/2020\/09\/30\/mecanicien-de-camions-classe-1-2\/\"},\"wordCount\":795,\"commentCount\":0,\"publisher\":{\"@id\":\"https:\/\/www.alfredboivin.com\/wordpress\/#organization\"},\"image\":{\"@id\":\"https:\/\/www.alfredboivin.com\/wordpress\/index.php\/2020\/09\/30\/mecanicien-de-camions-classe-1-2\/#primaryimage\"},\"thumbnailUrl\":\"https:\/\/www.alfredboivin.com\/wordpress\/wp-content\/uploads\/2018\/09\/Transport-Alfred-Boivin.png\",\"articleSection\":[\"Transport Alfred Boivin\"],\"inLanguage\":\"fr-FR\",\"potentialAction\":[{\"@type\":\"CommentAction\",\"name\":\"Comment\",\"target\":[\"https:\/\/www.alfredboivin.com\/wordpress\/index.php\/2020\/09\/30\/mecanicien-de-camions-classe-1-2\/#respond\"]}]},{\"@type\":\"WebPage\",\"@id\":\"https:\/\/www.alfredboivin.com\/wordpress\/index.php\/2020\/09\/30\/mecanicien-de-camions-classe-1-2\/\",\"url\":\"https:\/\/www.alfredboivin.com\/wordpress\/index.php\/2020\/09\/30\/mecanicien-de-camions-classe-1-2\/\",\"name\":\"M\u00c9CANICIEN DE V\u00c9HICULES LOURDS ROUTIERS - Groupe Alfred Boivin\",\"isPartOf\":{\"@id\":\"https:\/\/www.alfredboivin.com\/wordpress\/#website\"},\"primaryImageOfPage\":{\"@id\":\"https:\/\/www.alfredboivin.com\/wordpress\/index.php\/2020\/09\/30\/mecanicien-de-camions-classe-1-2\/#primaryimage\"},\"image\":{\"@id\":\"https:\/\/www.alfredboivin.com\/wordpress\/index.php\/2020\/09\/30\/mecanicien-de-camions-classe-1-2\/#primaryimage\"},\"thumbnailUrl\":\"https:\/\/www.alfredboivin.com\/wordpress\/wp-content\/uploads\/2018\/09\/Transport-Alfred-Boivin.png\",\"datePublished\":\"2020-09-30T14:01:25+00:00\",\"dateModified\":\"2025-08-25T13:21:37+00:00\",\"description\":\"Le Groupe Alfred Boivin est \u00e0 la recherche d'un m\u00e9canicien de v\u00e9hicules lourds afin de venir combler son \u00e9quipe!\",\"breadcrumb\":{\"@id\":\"https:\/\/www.alfredboivin.com\/wordpress\/index.php\/2020\/09\/30\/mecanicien-de-camions-classe-1-2\/#breadcrumb\"},\"inLanguage\":\"fr-FR\",\"potentialAction\":[{\"@type\":\"ReadAction\",\"target\":[\"https:\/\/www.alfredboivin.com\/wordpress\/index.php\/2020\/09\/30\/mecanicien-de-camions-classe-1-2\/\"]}]},{\"@type\":\"ImageObject\",\"inLanguage\":\"fr-FR\",\"@id\":\"https:\/\/www.alfredboivin.com\/wordpress\/index.php\/2020\/09\/30\/mecanicien-de-camions-classe-1-2\/#primaryimage\",\"url\":\"https:\/\/www.alfredboivin.com\/wordpress\/wp-content\/uploads\/2018\/09\/Transport-Alfred-Boivin.png\",\"contentUrl\":\"https:\/\/www.alfredboivin.com\/wordpress\/wp-content\/uploads\/2018\/09\/Transport-Alfred-Boivin.png\",\"width\":500,\"height\":350},{\"@type\":\"BreadcrumbList\",\"@id\":\"https:\/\/www.alfredboivin.com\/wordpress\/index.php\/2020\/09\/30\/mecanicien-de-camions-classe-1-2\/#breadcrumb\",\"itemListElement\":[{\"@type\":\"ListItem\",\"position\":1,\"name\":\"Accueil\",\"item\":\"https:\/\/www.alfredboivin.com\/wordpress\/index.php\/home\/\"},{\"@type\":\"ListItem\",\"position\":2,\"name\":\"M\u00c9CANICIEN DE V\u00c9HICULES LOURDS ROUTIERS\"}]},{\"@type\":\"WebSite\",\"@id\":\"https:\/\/www.alfredboivin.com\/wordpress\/#website\",\"url\":\"https:\/\/www.alfredboivin.com\/wordpress\/\",\"name\":\"Groupe Alfred Boivin\",\"description\":\"B\u00e2tir l&#039;avenir autrement!\",\"publisher\":{\"@id\":\"https:\/\/www.alfredboivin.com\/wordpress\/#organization\"},\"potentialAction\":[{\"@type\":\"SearchAction\",\"target\":{\"@type\":\"EntryPoint\",\"urlTemplate\":\"https:\/\/www.alfredboivin.com\/wordpress\/?s={search_term_string}\"},\"query-input\":{\"@type\":\"PropertyValueSpecification\",\"valueRequired\":true,\"valueName\":\"search_term_string\"}}],\"inLanguage\":\"fr-FR\"},{\"@type\":\"Organization\",\"@id\":\"https:\/\/www.alfredboivin.com\/wordpress\/#organization\",\"name\":\"Groupe Alfred Boivin\",\"url\":\"https:\/\/www.alfredboivin.com\/wordpress\/\",\"logo\":{\"@type\":\"ImageObject\",\"inLanguage\":\"fr-FR\",\"@id\":\"https:\/\/www.alfredboivin.com\/wordpress\/#\/schema\/logo\/image\/\",\"url\":\"https:\/\/www.alfredboivin.com\/wordpress\/wp-content\/uploads\/2018\/09\/Groupe-Alfred-Boivin.png\",\"contentUrl\":\"https:\/\/www.alfredboivin.com\/wordpress\/wp-content\/uploads\/2018\/09\/Groupe-Alfred-Boivin.png\",\"width\":500,\"height\":350,\"caption\":\"Groupe Alfred Boivin\"},\"image\":{\"@id\":\"https:\/\/www.alfredboivin.com\/wordpress\/#\/schema\/logo\/image\/\"},\"sameAs\":[\"https:\/\/www.facebook.com\/groupealfredboivin\",\"https:\/\/www.instagram.com\/groupealfredboivin\/\"],\"description\":\"Le Groupe Alfred Boivin se sp\u00e9cialise dans la location de bennes, le transport en tout genres, le g\u00e9nie civil, la gestion de parc \u00e0 r\u00e9sidus miniers ainsi que la r\u00e9cup\u00e9ration de m\u00e9taux partout au Saguenay\u2013Lac-St-Jean.\",\"email\":\"eab@alfredboivin.com\",\"foundingDate\":\"194701-01-01\",\"numberOfEmployees\":{\"@type\":\"QuantitativeValue\",\"minValue\":\"201\",\"maxValue\":\"500\"}},{\"@type\":\"Person\",\"@id\":\"https:\/\/www.alfredboivin.com\/wordpress\/#\/schema\/person\/2f34469d5bc0fb4527f121a25e3d4225\",\"name\":\"alfredbo\",\"image\":{\"@type\":\"ImageObject\",\"inLanguage\":\"fr-FR\",\"@id\":\"https:\/\/www.alfredboivin.com\/wordpress\/#\/schema\/person\/image\/\",\"url\":\"https:\/\/secure.gravatar.com\/avatar\/26af62dcb59a1fbf8044c7d8173d40e10f0ab93d895afe389058b75ee0be903e?s=96&d=mm&r=g\",\"contentUrl\":\"https:\/\/secure.gravatar.com\/avatar\/26af62dcb59a1fbf8044c7d8173d40e10f0ab93d895afe389058b75ee0be903e?s=96&d=mm&r=g\",\"caption\":\"alfredbo\"},\"url\":\"https:\/\/www.alfredboivin.com\/wordpress\/index.php\/author\/alfredbo\/\"}]}<\/script>\n<!-- \/ Yoast SEO Premium plugin. -->","yoast_head_json":{"title":"M\u00c9CANICIEN DE V\u00c9HICULES LOURDS ROUTIERS - Groupe Alfred Boivin","description":"Le Groupe Alfred Boivin est \u00e0 la recherche d'un m\u00e9canicien de v\u00e9hicules lourds afin de venir combler son \u00e9quipe!","robots":{"index":"index","follow":"follow","max-snippet":"max-snippet:-1","max-image-preview":"max-image-preview:large","max-video-preview":"max-video-preview:-1"},"canonical":"https:\/\/www.alfredboivin.com\/wordpress\/index.php\/2020\/09\/30\/mecanicien-de-camions-classe-1-2\/","og_locale":"fr_FR","og_type":"article","og_title":"M\u00c9CANICIEN DE V\u00c9HICULES LOURDS ROUTIERS","og_description":"Le Groupe Alfred Boivin est \u00e0 la recherche d'un m\u00e9canicien de v\u00e9hicules lourds afin de venir combler son \u00e9quipe!","og_url":"https:\/\/www.alfredboivin.com\/wordpress\/index.php\/2020\/09\/30\/mecanicien-de-camions-classe-1-2\/","og_site_name":"Groupe Alfred Boivin","article_publisher":"https:\/\/www.facebook.com\/groupealfredboivin","article_published_time":"2020-09-30T14:01:25+00:00","article_modified_time":"2025-08-25T13:21:37+00:00","og_image":[{"width":500,"height":350,"url":"https:\/\/www.alfredboivin.com\/wordpress\/wp-content\/uploads\/2018\/09\/Transport-Alfred-Boivin.png","type":"image\/png"}],"author":"alfredbo","twitter_card":"summary_large_image","twitter_misc":{"\u00c9crit par":"alfredbo","Dur\u00e9e de lecture estim\u00e9e":"3 minutes"},"schema":{"@context":"https:\/\/schema.org","@graph":[{"@type":"Article","@id":"https:\/\/www.alfredboivin.com\/wordpress\/index.php\/2020\/09\/30\/mecanicien-de-camions-classe-1-2\/#article","isPartOf":{"@id":"https:\/\/www.alfredboivin.com\/wordpress\/index.php\/2020\/09\/30\/mecanicien-de-camions-classe-1-2\/"},"author":{"name":"alfredbo","@id":"https:\/\/www.alfredboivin.com\/wordpress\/#\/schema\/person\/2f34469d5bc0fb4527f121a25e3d4225"},"headline":"M\u00c9CANICIEN DE V\u00c9HICULES LOURDS ROUTIERS","datePublished":"2020-09-30T14:01:25+00:00","dateModified":"2025-08-25T13:21:37+00:00","mainEntityOfPage":{"@id":"https:\/\/www.alfredboivin.com\/wordpress\/index.php\/2020\/09\/30\/mecanicien-de-camions-classe-1-2\/"},"wordCount":795,"commentCount":0,"publisher":{"@id":"https:\/\/www.alfredboivin.com\/wordpress\/#organization"},"image":{"@id":"https:\/\/www.alfredboivin.com\/wordpress\/index.php\/2020\/09\/30\/mecanicien-de-camions-classe-1-2\/#primaryimage"},"thumbnailUrl":"https:\/\/www.alfredboivin.com\/wordpress\/wp-content\/uploads\/2018\/09\/Transport-Alfred-Boivin.png","articleSection":["Transport Alfred Boivin"],"inLanguage":"fr-FR","potentialAction":[{"@type":"CommentAction","name":"Comment","target":["https:\/\/www.alfredboivin.com\/wordpress\/index.php\/2020\/09\/30\/mecanicien-de-camions-classe-1-2\/#respond"]}]},{"@type":"WebPage","@id":"https:\/\/www.alfredboivin.com\/wordpress\/index.php\/2020\/09\/30\/mecanicien-de-camions-classe-1-2\/","url":"https:\/\/www.alfredboivin.com\/wordpress\/index.php\/2020\/09\/30\/mecanicien-de-camions-classe-1-2\/","name":"M\u00c9CANICIEN DE V\u00c9HICULES LOURDS ROUTIERS - Groupe Alfred Boivin","isPartOf":{"@id":"https:\/\/www.alfredboivin.com\/wordpress\/#website"},"primaryImageOfPage":{"@id":"https:\/\/www.alfredboivin.com\/wordpress\/index.php\/2020\/09\/30\/mecanicien-de-camions-classe-1-2\/#primaryimage"},"image":{"@id":"https:\/\/www.alfredboivin.com\/wordpress\/index.php\/2020\/09\/30\/mecanicien-de-camions-classe-1-2\/#primaryimage"},"thumbnailUrl":"https:\/\/www.alfredboivin.com\/wordpress\/wp-content\/uploads\/2018\/09\/Transport-Alfred-Boivin.png","datePublished":"2020-09-30T14:01:25+00:00","dateModified":"2025-08-25T13:21:37+00:00","description":"Le Groupe Alfred Boivin est \u00e0 la recherche d'un m\u00e9canicien de v\u00e9hicules lourds afin de venir combler son \u00e9quipe!","breadcrumb":{"@id":"https:\/\/www.alfredboivin.com\/wordpress\/index.php\/2020\/09\/30\/mecanicien-de-camions-classe-1-2\/#breadcrumb"},"inLanguage":"fr-FR","potentialAction":[{"@type":"ReadAction","target":["https:\/\/www.alfredboivin.com\/wordpress\/index.php\/2020\/09\/30\/mecanicien-de-camions-classe-1-2\/"]}]},{"@type":"ImageObject","inLanguage":"fr-FR","@id":"https:\/\/www.alfredboivin.com\/wordpress\/index.php\/2020\/09\/30\/mecanicien-de-camions-classe-1-2\/#primaryimage","url":"https:\/\/www.alfredboivin.com\/wordpress\/wp-content\/uploads\/2018\/09\/Transport-Alfred-Boivin.png","contentUrl":"https:\/\/www.alfredboivin.com\/wordpress\/wp-content\/uploads\/2018\/09\/Transport-Alfred-Boivin.png","width":500,"height":350},{"@type":"BreadcrumbList","@id":"https:\/\/www.alfredboivin.com\/wordpress\/index.php\/2020\/09\/30\/mecanicien-de-camions-classe-1-2\/#breadcrumb","itemListElement":[{"@type":"ListItem","position":1,"name":"Accueil","item":"https:\/\/www.alfredboivin.com\/wordpress\/index.php\/home\/"},{"@type":"ListItem","position":2,"name":"M\u00c9CANICIEN DE V\u00c9HICULES LOURDS ROUTIERS"}]},{"@type":"WebSite","@id":"https:\/\/www.alfredboivin.com\/wordpress\/#website","url":"https:\/\/www.alfredboivin.com\/wordpress\/","name":"Groupe Alfred Boivin","description":"B\u00e2tir l&#039;avenir autrement!","publisher":{"@id":"https:\/\/www.alfredboivin.com\/wordpress\/#organization"},"potentialAction":[{"@type":"SearchAction","target":{"@type":"EntryPoint","urlTemplate":"https:\/\/www.alfredboivin.com\/wordpress\/?s={search_term_string}"},"query-input":{"@type":"PropertyValueSpecification","valueRequired":true,"valueName":"search_term_string"}}],"inLanguage":"fr-FR"},{"@type":"Organization","@id":"https:\/\/www.alfredboivin.com\/wordpress\/#organization","name":"Groupe Alfred Boivin","url":"https:\/\/www.alfredboivin.com\/wordpress\/","logo":{"@type":"ImageObject","inLanguage":"fr-FR","@id":"https:\/\/www.alfredboivin.com\/wordpress\/#\/schema\/logo\/image\/","url":"https:\/\/www.alfredboivin.com\/wordpress\/wp-content\/uploads\/2018\/09\/Groupe-Alfred-Boivin.png","contentUrl":"https:\/\/www.alfredboivin.com\/wordpress\/wp-content\/uploads\/2018\/09\/Groupe-Alfred-Boivin.png","width":500,"height":350,"caption":"Groupe Alfred Boivin"},"image":{"@id":"https:\/\/www.alfredboivin.com\/wordpress\/#\/schema\/logo\/image\/"},"sameAs":["https:\/\/www.facebook.com\/groupealfredboivin","https:\/\/www.instagram.com\/groupealfredboivin\/"],"description":"Le Groupe Alfred Boivin se sp\u00e9cialise dans la location de bennes, le transport en tout genres, le g\u00e9nie civil, la gestion de parc \u00e0 r\u00e9sidus miniers ainsi que la r\u00e9cup\u00e9ration de m\u00e9taux partout au Saguenay\u2013Lac-St-Jean.","email":"eab@alfredboivin.com","foundingDate":"194701-01-01","numberOfEmployees":{"@type":"QuantitativeValue","minValue":"201","maxValue":"500"}},{"@type":"Person","@id":"https:\/\/www.alfredboivin.com\/wordpress\/#\/schema\/person\/2f34469d5bc0fb4527f121a25e3d4225","name":"alfredbo","image":{"@type":"ImageObject","inLanguage":"fr-FR","@id":"https:\/\/www.alfredboivin.com\/wordpress\/#\/schema\/person\/image\/","url":"https:\/\/secure.gravatar.com\/avatar\/26af62dcb59a1fbf8044c7d8173d40e10f0ab93d895afe389058b75ee0be903e?s=96&d=mm&r=g","contentUrl":"https:\/\/secure.gravatar.com\/avatar\/26af62dcb59a1fbf8044c7d8173d40e10f0ab93d895afe389058b75ee0be903e?s=96&d=mm&r=g","caption":"alfredbo"},"url":"https:\/\/www.alfredboivin.com\/wordpress\/index.php\/author\/alfredbo\/"}]}},"_links":{"self":[{"href":"https:\/\/www.alfredboivin.com\/wordpress\/index.php\/wp-json\/wp\/v2\/posts\/1544","targetHints":{"allow":["GET"]}}],"collection":[{"href":"https:\/\/www.alfredboivin.com\/wordpress\/index.php\/wp-json\/wp\/v2\/posts"}],"about":[{"href":"https:\/\/www.alfredboivin.com\/wordpress\/index.php\/wp-json\/wp\/v2\/types\/post"}],"author":[{"embeddable":true,"href":"https:\/\/www.alfredboivin.com\/wordpress\/index.php\/wp-json\/wp\/v2\/users\/1"}],"replies":[{"embeddable":true,"href":"https:\/\/www.alfredboivin.com\/wordpress\/index.php\/wp-json\/wp\/v2\/comments?post=1544"}],"version-history":[{"count":9,"href":"https:\/\/www.alfredboivin.com\/wordpress\/index.php\/wp-json\/wp\/v2\/posts\/1544\/revisions"}],"predecessor-version":[{"id":9961,"href":"https:\/\/www.alfredboivin.com\/wordpress\/index.php\/wp-json\/wp\/v2\/posts\/1544\/revisions\/9961"}],"wp:featuredmedia":[{"embeddable":true,"href":"https:\/\/www.alfredboivin.com\/wordpress\/index.php\/wp-json\/wp\/v2\/media\/300"}],"wp:attachment":[{"href":"https:\/\/www.alfredboivin.com\/wordpress\/index.php\/wp-json\/wp\/v2\/media?parent=1544"}],"wp:term":[{"taxonomy":"category","embeddable":true,"href":"https:\/\/www.alfredboivin.com\/wordpress\/index.php\/wp-json\/wp\/v2\/categories?post=1544"},{"taxonomy":"post_tag","embeddable":true,"href":"https:\/\/www.alfredboivin.com\/wordpress\/index.php\/wp-json\/wp\/v2\/tags?post=1544"}],"curies":[{"name":"wp","href":"https:\/\/api.w.org\/{rel}","templated":true}]}}