{"id":1350,"date":"2020-07-06T15:09:32","date_gmt":"2020-07-06T19:09:32","guid":{"rendered":"https:\/\/www.alfredboivin.com\/wordpress\/?p=1350"},"modified":"2025-02-24T15:19:27","modified_gmt":"2025-02-24T20:19:27","slug":"chauffeur-classe-1","status":"publish","type":"post","link":"https:\/\/www.alfredboivin.com\/wordpress\/index.php\/2020\/07\/06\/chauffeur-classe-1\/","title":{"rendered":"CHAUFFEUR FARDIER"},"content":{"rendered":"<div class=\"flex_column av_one_full  flex_column_div av-zero-column-padding first  \" style='border-radius:0px; '><div  data-size='featured_large'  data-lightbox_size='large'  data-animation='slide'  data-conditional_play=''  data-ids='1351'  data-video_counter='0'  data-autoplay='false'  data-bg_slider='false'  data-slide_height=''  data-handle='av_slideshow'  data-interval='5'  data-class=' '  data-css_id=''  data-scroll_down=''  data-control_layout='av-control-default'  data-custom_markup=''  data-perma_caption=''  data-autoplay_stopper=''  data-image_attachment=''  data-min_height='0px'  data-default-height='42'  class='avia-slideshow avia-slideshow-1  av-control-default av-default-height-applied avia-slideshow-featured_large av_slideshow   avia-slide-slider '  itemprop=\"ImageObject\" itemscope=\"itemscope\" itemtype=\"https:\/\/schema.org\/ImageObject\" ><ul class='avia-slideshow-inner ' style='padding-bottom: 50%;' ><li  class=' av-single-slide slide-1 ' ><div data-rel='slideshow-1' class='avia-slide-wrap '   ><img src='https:\/\/www.alfredboivin.com\/wordpress\/wp-content\/uploads\/2020\/07\/20190621_141638_HDR-01.jpg' width='1260' height='630' title='20190621_141638_HDR-01' alt=''  itemprop=\"thumbnailUrl\"   \/><\/div><\/li><\/ul><\/div><\/div>\n<div class=\"flex_column av_one_full  flex_column_div av-zero-column-padding first  \" style='border-radius:0px; '><p><div style='padding-bottom:0px; ' class='av-special-heading av-special-heading-h2  blockquote modern-quote modern-centered  '><h2 class='av-special-heading-tag '  itemprop=\"headline\"  >CHAUFFEUR FARDIER<\/h2><div class='special-heading-border'><div class='special-heading-inner-border' ><\/div><\/div><\/div><br \/>\n<div style=' margin-top:5px; margin-bottom:35px;'  class='hr hr-custom hr-center hr-icon-no  '><span class='hr-inner   inner-border-av-border-fat' style=' width:50px; border-color:#af0000;' ><span class='hr-inner-style'><\/span><\/span><\/div><\/p><\/div>\n<section class=\"av_textblock_section \"  itemscope=\"itemscope\" itemtype=\"https:\/\/schema.org\/BlogPosting\" itemprop=\"blogPost\" ><div class='avia_textblock  '   itemprop=\"text\" ><p style=\"text-align: justify;\">Le Groupe Alfred Boivin est une entreprise familiale qui a vu le jour dans la r\u00e9gion du Saguenay en 1947. \u00a0Ayant comme sp\u00e9cialit\u00e9 d\u2019origine les travaux de terrassement, l\u2019entreprise s\u2019est rapidement fait conna\u00eetre en se diversifiant dans divers secteurs d\u2019activit\u00e9s relevant du g\u00e9nie civil, du transport, du dynamitage, de l\u2019environnement autant dans les secteurs industriels, commerciaux et immobiliers. Depuis maintenant plus de 75 ans, le <strong>Groupe Alfred Boivin<\/strong> est un employeur de choix au Saguenay lac-Saint-Jean. \u00a0Le succ\u00e8s de notre entreprise est li\u00e9 \u00e0 notre grande diversification, notre mission de toujours livrer des services de qualit\u00e9 sup\u00e9rieure et de fiabilit\u00e9 incomparable avec nos valeurs de respect, d\u2019int\u00e9grit\u00e9, d\u2019innovation, de cr\u00e9ativit\u00e9, d\u2019efficacit\u00e9 et de rigueur, mais surtout nos valeurs familiales envers nos employ\u00e9s!<\/p>\n<p style=\"text-align: center;\">Le Groupe est actuellement \u00e0 la recherche de:<\/p>\n<p style=\"text-align: center;\"><b>Chauffeur fardier<\/b><\/p>\n<p><strong>Type d&#8217;emploi<\/strong>: Permanent, Temps plein<\/p>\n<p><strong>Besoin<\/strong>: Imm\u00e9diat<\/p>\n<p><strong>Lieu:<\/strong> Chicoutimi<\/p>\n<p><strong>Description des t\u00e2ches du poste<\/strong><\/p>\n<ul>\n<li>Effectuer des rondes de s\u00e9curit\u00e9;<\/li>\n<li>Charger et d\u00e9charger de la machinerie et\/ou de la charge;<\/li>\n<li>Livrer les chargements selon les indications du r\u00e9partiteur;<\/li>\n<li>Assurer le service client;<\/li>\n<li>Effectuer la compl\u00e9tion des connaissements de transport;<\/li>\n<li>Tenir son log book, le cas \u00e9ch\u00e9ant.<\/li>\n<\/ul>\n<p><strong>Formation et exp\u00e9rience<\/strong><\/p>\n<ul>\n<li>Permis de conduire classe 1;<\/li>\n<li>3 \u00e0 5 ans d&rsquo;exp\u00e9rience;<\/li>\n<li>ASP construction;<\/li>\n<li>Dipl\u00f4me d&rsquo;\u00e9tudes professionnelles en Transport par camion, un atout.<\/li>\n<\/ul>\n<p><strong>Conditions<\/strong><\/p>\n<ul>\n<li>Emploi temps plein, permanent;<\/li>\n<li>Employeur certifi\u00e9 CONCILIVI;<\/li>\n<li>R\u00e9gime d\u2019assurance individuelle ou familiale<\/li>\n<li>Activit\u00e9s sociales<\/li>\n<li>Pas de frais de stationnement<\/li>\n<li>Programme d\u2019aide aux employ\u00e9s<\/li>\n<li>Rabais corporatifs pour une multitude de biens et services<\/li>\n<li>Possibilit\u00e9 de participer \u00e0 un RPDB (r\u00e9gime de retraite)<\/li>\n<li>Entente pour v\u00eatements de travail<\/li>\n<li>\u00c9quipements de protection individuelle pay\u00e9e<\/li>\n<\/ul>\n<p style=\"text-align: center;\"><strong><em>Toutes les candidatures seront analys\u00e9es avec int\u00e9r\u00eat pour une premi\u00e8re s\u00e9lection. <\/em><\/strong><\/p>\n<p style=\"text-align: center;\">Transmettre votre CV par courriel \u00e0\u00a0: <a href=\"mailto:rh@alfredboivin.com\">rh@alfredboivin.com<\/a><\/p>\n<\/div><\/section>\n<div class=\"flex_column av_one_full  flex_column_div av-zero-column-padding first  \" style='border-radius:0px; '><div class='avia-button-wrap avia-button-center '><a href='https:\/\/www.alfredboivin.com\/wordpress\/index.php\/postuler2\/'  class='avia-button   avia-icon_select-no avia-color-red avia-size-x-large avia-position-center '   ><span class='avia_iconbox_title' >POSTULER<\/span><\/a><\/div><\/div>\n","protected":false},"excerpt":{"rendered":"","protected":false},"author":1,"featured_media":300,"comment_status":"open","ping_status":"open","sticky":false,"template":"","format":"standard","meta":{"_exactmetrics_skip_tracking":false,"_exactmetrics_sitenote_active":false,"_exactmetrics_sitenote_note":"","_exactmetrics_sitenote_category":0,"footnotes":""},"categories":[34],"tags":[],"class_list":["post-1350","post","type-post","status-publish","format-standard","has-post-thumbnail","hentry","category-transport-alfred-boivin"],"yoast_head":"<!-- This site is optimized with the Yoast SEO Premium plugin v26.8 (Yoast SEO v26.8) - https:\/\/yoast.com\/product\/yoast-seo-premium-wordpress\/ -->\n<title>CHAUFFEUR FARDIER - Groupe Alfred Boivin<\/title>\n<meta name=\"description\" content=\"Le Groupe Alfred Boivin cherche un chauffeur pour sa division fardier. Tu manges de la route? Tu r\u00eaves de machineries lourdes? Saisis ta chance!\" \/>\n<meta name=\"robots\" content=\"index, follow, max-snippet:-1, max-image-preview:large, max-video-preview:-1\" \/>\n<link rel=\"canonical\" href=\"https:\/\/www.alfredboivin.com\/wordpress\/index.php\/2020\/07\/06\/chauffeur-classe-1\/\" \/>\n<meta property=\"og:locale\" content=\"fr_FR\" \/>\n<meta property=\"og:type\" content=\"article\" \/>\n<meta property=\"og:title\" content=\"CHAUFFEUR FARDIER\" \/>\n<meta property=\"og:description\" content=\"Le Groupe Alfred Boivin cherche un chauffeur pour sa division fardier. Tu manges de la route? Tu r\u00eaves de machineries lourdes? Saisis ta chance!\" \/>\n<meta property=\"og:url\" content=\"https:\/\/www.alfredboivin.com\/wordpress\/index.php\/2020\/07\/06\/chauffeur-classe-1\/\" \/>\n<meta property=\"og:site_name\" content=\"Groupe Alfred Boivin\" \/>\n<meta property=\"article:publisher\" content=\"https:\/\/www.facebook.com\/groupealfredboivin\" \/>\n<meta property=\"article:published_time\" content=\"2020-07-06T19:09:32+00:00\" \/>\n<meta property=\"article:modified_time\" content=\"2025-02-24T20:19:27+00:00\" \/>\n<meta property=\"og:image\" content=\"https:\/\/www.alfredboivin.com\/wordpress\/wp-content\/uploads\/2018\/09\/Transport-Alfred-Boivin.png\" \/>\n\t<meta property=\"og:image:width\" content=\"500\" \/>\n\t<meta property=\"og:image:height\" content=\"350\" \/>\n\t<meta property=\"og:image:type\" content=\"image\/png\" \/>\n<meta name=\"author\" content=\"alfredbo\" \/>\n<meta name=\"twitter:card\" content=\"summary_large_image\" \/>\n<meta name=\"twitter:label1\" content=\"\u00c9crit par\" \/>\n\t<meta name=\"twitter:data1\" content=\"alfredbo\" \/>\n\t<meta name=\"twitter:label2\" content=\"Dur\u00e9e de lecture estim\u00e9e\" \/>\n\t<meta name=\"twitter:data2\" content=\"3 minutes\" \/>\n<script type=\"application\/ld+json\" class=\"yoast-schema-graph\">{\"@context\":\"https:\/\/schema.org\",\"@graph\":[{\"@type\":\"Article\",\"@id\":\"https:\/\/www.alfredboivin.com\/wordpress\/index.php\/2020\/07\/06\/chauffeur-classe-1\/#article\",\"isPartOf\":{\"@id\":\"https:\/\/www.alfredboivin.com\/wordpress\/index.php\/2020\/07\/06\/chauffeur-classe-1\/\"},\"author\":{\"name\":\"alfredbo\",\"@id\":\"https:\/\/www.alfredboivin.com\/wordpress\/#\/schema\/person\/2f34469d5bc0fb4527f121a25e3d4225\"},\"headline\":\"CHAUFFEUR FARDIER\",\"datePublished\":\"2020-07-06T19:09:32+00:00\",\"dateModified\":\"2025-02-24T20:19:27+00:00\",\"mainEntityOfPage\":{\"@id\":\"https:\/\/www.alfredboivin.com\/wordpress\/index.php\/2020\/07\/06\/chauffeur-classe-1\/\"},\"wordCount\":774,\"commentCount\":0,\"publisher\":{\"@id\":\"https:\/\/www.alfredboivin.com\/wordpress\/#organization\"},\"image\":{\"@id\":\"https:\/\/www.alfredboivin.com\/wordpress\/index.php\/2020\/07\/06\/chauffeur-classe-1\/#primaryimage\"},\"thumbnailUrl\":\"https:\/\/www.alfredboivin.com\/wordpress\/wp-content\/uploads\/2018\/09\/Transport-Alfred-Boivin.png\",\"articleSection\":[\"Transport Alfred Boivin\"],\"inLanguage\":\"fr-FR\",\"potentialAction\":[{\"@type\":\"CommentAction\",\"name\":\"Comment\",\"target\":[\"https:\/\/www.alfredboivin.com\/wordpress\/index.php\/2020\/07\/06\/chauffeur-classe-1\/#respond\"]}]},{\"@type\":\"WebPage\",\"@id\":\"https:\/\/www.alfredboivin.com\/wordpress\/index.php\/2020\/07\/06\/chauffeur-classe-1\/\",\"url\":\"https:\/\/www.alfredboivin.com\/wordpress\/index.php\/2020\/07\/06\/chauffeur-classe-1\/\",\"name\":\"CHAUFFEUR FARDIER - Groupe Alfred Boivin\",\"isPartOf\":{\"@id\":\"https:\/\/www.alfredboivin.com\/wordpress\/#website\"},\"primaryImageOfPage\":{\"@id\":\"https:\/\/www.alfredboivin.com\/wordpress\/index.php\/2020\/07\/06\/chauffeur-classe-1\/#primaryimage\"},\"image\":{\"@id\":\"https:\/\/www.alfredboivin.com\/wordpress\/index.php\/2020\/07\/06\/chauffeur-classe-1\/#primaryimage\"},\"thumbnailUrl\":\"https:\/\/www.alfredboivin.com\/wordpress\/wp-content\/uploads\/2018\/09\/Transport-Alfred-Boivin.png\",\"datePublished\":\"2020-07-06T19:09:32+00:00\",\"dateModified\":\"2025-02-24T20:19:27+00:00\",\"description\":\"Le Groupe Alfred Boivin cherche un chauffeur pour sa division fardier. Tu manges de la route? Tu r\u00eaves de machineries lourdes? Saisis ta chance!\",\"breadcrumb\":{\"@id\":\"https:\/\/www.alfredboivin.com\/wordpress\/index.php\/2020\/07\/06\/chauffeur-classe-1\/#breadcrumb\"},\"inLanguage\":\"fr-FR\",\"potentialAction\":[{\"@type\":\"ReadAction\",\"target\":[\"https:\/\/www.alfredboivin.com\/wordpress\/index.php\/2020\/07\/06\/chauffeur-classe-1\/\"]}]},{\"@type\":\"ImageObject\",\"inLanguage\":\"fr-FR\",\"@id\":\"https:\/\/www.alfredboivin.com\/wordpress\/index.php\/2020\/07\/06\/chauffeur-classe-1\/#primaryimage\",\"url\":\"https:\/\/www.alfredboivin.com\/wordpress\/wp-content\/uploads\/2018\/09\/Transport-Alfred-Boivin.png\",\"contentUrl\":\"https:\/\/www.alfredboivin.com\/wordpress\/wp-content\/uploads\/2018\/09\/Transport-Alfred-Boivin.png\",\"width\":500,\"height\":350},{\"@type\":\"BreadcrumbList\",\"@id\":\"https:\/\/www.alfredboivin.com\/wordpress\/index.php\/2020\/07\/06\/chauffeur-classe-1\/#breadcrumb\",\"itemListElement\":[{\"@type\":\"ListItem\",\"position\":1,\"name\":\"Accueil\",\"item\":\"https:\/\/www.alfredboivin.com\/wordpress\/index.php\/home\/\"},{\"@type\":\"ListItem\",\"position\":2,\"name\":\"CHAUFFEUR FARDIER\"}]},{\"@type\":\"WebSite\",\"@id\":\"https:\/\/www.alfredboivin.com\/wordpress\/#website\",\"url\":\"https:\/\/www.alfredboivin.com\/wordpress\/\",\"name\":\"Groupe Alfred Boivin\",\"description\":\"B\u00e2tir l&#039;avenir autrement!\",\"publisher\":{\"@id\":\"https:\/\/www.alfredboivin.com\/wordpress\/#organization\"},\"potentialAction\":[{\"@type\":\"SearchAction\",\"target\":{\"@type\":\"EntryPoint\",\"urlTemplate\":\"https:\/\/www.alfredboivin.com\/wordpress\/?s={search_term_string}\"},\"query-input\":{\"@type\":\"PropertyValueSpecification\",\"valueRequired\":true,\"valueName\":\"search_term_string\"}}],\"inLanguage\":\"fr-FR\"},{\"@type\":\"Organization\",\"@id\":\"https:\/\/www.alfredboivin.com\/wordpress\/#organization\",\"name\":\"Groupe Alfred Boivin\",\"url\":\"https:\/\/www.alfredboivin.com\/wordpress\/\",\"logo\":{\"@type\":\"ImageObject\",\"inLanguage\":\"fr-FR\",\"@id\":\"https:\/\/www.alfredboivin.com\/wordpress\/#\/schema\/logo\/image\/\",\"url\":\"https:\/\/www.alfredboivin.com\/wordpress\/wp-content\/uploads\/2018\/09\/Groupe-Alfred-Boivin.png\",\"contentUrl\":\"https:\/\/www.alfredboivin.com\/wordpress\/wp-content\/uploads\/2018\/09\/Groupe-Alfred-Boivin.png\",\"width\":500,\"height\":350,\"caption\":\"Groupe Alfred Boivin\"},\"image\":{\"@id\":\"https:\/\/www.alfredboivin.com\/wordpress\/#\/schema\/logo\/image\/\"},\"sameAs\":[\"https:\/\/www.facebook.com\/groupealfredboivin\",\"https:\/\/www.instagram.com\/groupealfredboivin\/\"],\"description\":\"Le Groupe Alfred Boivin se sp\u00e9cialise dans la location de bennes, le transport en tout genres, le g\u00e9nie civil, la gestion de parc \u00e0 r\u00e9sidus miniers ainsi que la r\u00e9cup\u00e9ration de m\u00e9taux partout au Saguenay\u2013Lac-St-Jean.\",\"email\":\"eab@alfredboivin.com\",\"foundingDate\":\"194701-01-01\",\"numberOfEmployees\":{\"@type\":\"QuantitativeValue\",\"minValue\":\"201\",\"maxValue\":\"500\"}},{\"@type\":\"Person\",\"@id\":\"https:\/\/www.alfredboivin.com\/wordpress\/#\/schema\/person\/2f34469d5bc0fb4527f121a25e3d4225\",\"name\":\"alfredbo\",\"image\":{\"@type\":\"ImageObject\",\"inLanguage\":\"fr-FR\",\"@id\":\"https:\/\/www.alfredboivin.com\/wordpress\/#\/schema\/person\/image\/\",\"url\":\"https:\/\/secure.gravatar.com\/avatar\/26af62dcb59a1fbf8044c7d8173d40e10f0ab93d895afe389058b75ee0be903e?s=96&d=mm&r=g\",\"contentUrl\":\"https:\/\/secure.gravatar.com\/avatar\/26af62dcb59a1fbf8044c7d8173d40e10f0ab93d895afe389058b75ee0be903e?s=96&d=mm&r=g\",\"caption\":\"alfredbo\"},\"url\":\"https:\/\/www.alfredboivin.com\/wordpress\/index.php\/author\/alfredbo\/\"}]}<\/script>\n<!-- \/ Yoast SEO Premium plugin. -->","yoast_head_json":{"title":"CHAUFFEUR FARDIER - Groupe Alfred Boivin","description":"Le Groupe Alfred Boivin cherche un chauffeur pour sa division fardier. Tu manges de la route? Tu r\u00eaves de machineries lourdes? Saisis ta chance!","robots":{"index":"index","follow":"follow","max-snippet":"max-snippet:-1","max-image-preview":"max-image-preview:large","max-video-preview":"max-video-preview:-1"},"canonical":"https:\/\/www.alfredboivin.com\/wordpress\/index.php\/2020\/07\/06\/chauffeur-classe-1\/","og_locale":"fr_FR","og_type":"article","og_title":"CHAUFFEUR FARDIER","og_description":"Le Groupe Alfred Boivin cherche un chauffeur pour sa division fardier. Tu manges de la route? Tu r\u00eaves de machineries lourdes? Saisis ta chance!","og_url":"https:\/\/www.alfredboivin.com\/wordpress\/index.php\/2020\/07\/06\/chauffeur-classe-1\/","og_site_name":"Groupe Alfred Boivin","article_publisher":"https:\/\/www.facebook.com\/groupealfredboivin","article_published_time":"2020-07-06T19:09:32+00:00","article_modified_time":"2025-02-24T20:19:27+00:00","og_image":[{"width":500,"height":350,"url":"https:\/\/www.alfredboivin.com\/wordpress\/wp-content\/uploads\/2018\/09\/Transport-Alfred-Boivin.png","type":"image\/png"}],"author":"alfredbo","twitter_card":"summary_large_image","twitter_misc":{"\u00c9crit par":"alfredbo","Dur\u00e9e de lecture estim\u00e9e":"3 minutes"},"schema":{"@context":"https:\/\/schema.org","@graph":[{"@type":"Article","@id":"https:\/\/www.alfredboivin.com\/wordpress\/index.php\/2020\/07\/06\/chauffeur-classe-1\/#article","isPartOf":{"@id":"https:\/\/www.alfredboivin.com\/wordpress\/index.php\/2020\/07\/06\/chauffeur-classe-1\/"},"author":{"name":"alfredbo","@id":"https:\/\/www.alfredboivin.com\/wordpress\/#\/schema\/person\/2f34469d5bc0fb4527f121a25e3d4225"},"headline":"CHAUFFEUR FARDIER","datePublished":"2020-07-06T19:09:32+00:00","dateModified":"2025-02-24T20:19:27+00:00","mainEntityOfPage":{"@id":"https:\/\/www.alfredboivin.com\/wordpress\/index.php\/2020\/07\/06\/chauffeur-classe-1\/"},"wordCount":774,"commentCount":0,"publisher":{"@id":"https:\/\/www.alfredboivin.com\/wordpress\/#organization"},"image":{"@id":"https:\/\/www.alfredboivin.com\/wordpress\/index.php\/2020\/07\/06\/chauffeur-classe-1\/#primaryimage"},"thumbnailUrl":"https:\/\/www.alfredboivin.com\/wordpress\/wp-content\/uploads\/2018\/09\/Transport-Alfred-Boivin.png","articleSection":["Transport Alfred Boivin"],"inLanguage":"fr-FR","potentialAction":[{"@type":"CommentAction","name":"Comment","target":["https:\/\/www.alfredboivin.com\/wordpress\/index.php\/2020\/07\/06\/chauffeur-classe-1\/#respond"]}]},{"@type":"WebPage","@id":"https:\/\/www.alfredboivin.com\/wordpress\/index.php\/2020\/07\/06\/chauffeur-classe-1\/","url":"https:\/\/www.alfredboivin.com\/wordpress\/index.php\/2020\/07\/06\/chauffeur-classe-1\/","name":"CHAUFFEUR FARDIER - Groupe Alfred Boivin","isPartOf":{"@id":"https:\/\/www.alfredboivin.com\/wordpress\/#website"},"primaryImageOfPage":{"@id":"https:\/\/www.alfredboivin.com\/wordpress\/index.php\/2020\/07\/06\/chauffeur-classe-1\/#primaryimage"},"image":{"@id":"https:\/\/www.alfredboivin.com\/wordpress\/index.php\/2020\/07\/06\/chauffeur-classe-1\/#primaryimage"},"thumbnailUrl":"https:\/\/www.alfredboivin.com\/wordpress\/wp-content\/uploads\/2018\/09\/Transport-Alfred-Boivin.png","datePublished":"2020-07-06T19:09:32+00:00","dateModified":"2025-02-24T20:19:27+00:00","description":"Le Groupe Alfred Boivin cherche un chauffeur pour sa division fardier. Tu manges de la route? Tu r\u00eaves de machineries lourdes? Saisis ta chance!","breadcrumb":{"@id":"https:\/\/www.alfredboivin.com\/wordpress\/index.php\/2020\/07\/06\/chauffeur-classe-1\/#breadcrumb"},"inLanguage":"fr-FR","potentialAction":[{"@type":"ReadAction","target":["https:\/\/www.alfredboivin.com\/wordpress\/index.php\/2020\/07\/06\/chauffeur-classe-1\/"]}]},{"@type":"ImageObject","inLanguage":"fr-FR","@id":"https:\/\/www.alfredboivin.com\/wordpress\/index.php\/2020\/07\/06\/chauffeur-classe-1\/#primaryimage","url":"https:\/\/www.alfredboivin.com\/wordpress\/wp-content\/uploads\/2018\/09\/Transport-Alfred-Boivin.png","contentUrl":"https:\/\/www.alfredboivin.com\/wordpress\/wp-content\/uploads\/2018\/09\/Transport-Alfred-Boivin.png","width":500,"height":350},{"@type":"BreadcrumbList","@id":"https:\/\/www.alfredboivin.com\/wordpress\/index.php\/2020\/07\/06\/chauffeur-classe-1\/#breadcrumb","itemListElement":[{"@type":"ListItem","position":1,"name":"Accueil","item":"https:\/\/www.alfredboivin.com\/wordpress\/index.php\/home\/"},{"@type":"ListItem","position":2,"name":"CHAUFFEUR FARDIER"}]},{"@type":"WebSite","@id":"https:\/\/www.alfredboivin.com\/wordpress\/#website","url":"https:\/\/www.alfredboivin.com\/wordpress\/","name":"Groupe Alfred Boivin","description":"B\u00e2tir l&#039;avenir autrement!","publisher":{"@id":"https:\/\/www.alfredboivin.com\/wordpress\/#organization"},"potentialAction":[{"@type":"SearchAction","target":{"@type":"EntryPoint","urlTemplate":"https:\/\/www.alfredboivin.com\/wordpress\/?s={search_term_string}"},"query-input":{"@type":"PropertyValueSpecification","valueRequired":true,"valueName":"search_term_string"}}],"inLanguage":"fr-FR"},{"@type":"Organization","@id":"https:\/\/www.alfredboivin.com\/wordpress\/#organization","name":"Groupe Alfred Boivin","url":"https:\/\/www.alfredboivin.com\/wordpress\/","logo":{"@type":"ImageObject","inLanguage":"fr-FR","@id":"https:\/\/www.alfredboivin.com\/wordpress\/#\/schema\/logo\/image\/","url":"https:\/\/www.alfredboivin.com\/wordpress\/wp-content\/uploads\/2018\/09\/Groupe-Alfred-Boivin.png","contentUrl":"https:\/\/www.alfredboivin.com\/wordpress\/wp-content\/uploads\/2018\/09\/Groupe-Alfred-Boivin.png","width":500,"height":350,"caption":"Groupe Alfred Boivin"},"image":{"@id":"https:\/\/www.alfredboivin.com\/wordpress\/#\/schema\/logo\/image\/"},"sameAs":["https:\/\/www.facebook.com\/groupealfredboivin","https:\/\/www.instagram.com\/groupealfredboivin\/"],"description":"Le Groupe Alfred Boivin se sp\u00e9cialise dans la location de bennes, le transport en tout genres, le g\u00e9nie civil, la gestion de parc \u00e0 r\u00e9sidus miniers ainsi que la r\u00e9cup\u00e9ration de m\u00e9taux partout au Saguenay\u2013Lac-St-Jean.","email":"eab@alfredboivin.com","foundingDate":"194701-01-01","numberOfEmployees":{"@type":"QuantitativeValue","minValue":"201","maxValue":"500"}},{"@type":"Person","@id":"https:\/\/www.alfredboivin.com\/wordpress\/#\/schema\/person\/2f34469d5bc0fb4527f121a25e3d4225","name":"alfredbo","image":{"@type":"ImageObject","inLanguage":"fr-FR","@id":"https:\/\/www.alfredboivin.com\/wordpress\/#\/schema\/person\/image\/","url":"https:\/\/secure.gravatar.com\/avatar\/26af62dcb59a1fbf8044c7d8173d40e10f0ab93d895afe389058b75ee0be903e?s=96&d=mm&r=g","contentUrl":"https:\/\/secure.gravatar.com\/avatar\/26af62dcb59a1fbf8044c7d8173d40e10f0ab93d895afe389058b75ee0be903e?s=96&d=mm&r=g","caption":"alfredbo"},"url":"https:\/\/www.alfredboivin.com\/wordpress\/index.php\/author\/alfredbo\/"}]}},"_links":{"self":[{"href":"https:\/\/www.alfredboivin.com\/wordpress\/index.php\/wp-json\/wp\/v2\/posts\/1350","targetHints":{"allow":["GET"]}}],"collection":[{"href":"https:\/\/www.alfredboivin.com\/wordpress\/index.php\/wp-json\/wp\/v2\/posts"}],"about":[{"href":"https:\/\/www.alfredboivin.com\/wordpress\/index.php\/wp-json\/wp\/v2\/types\/post"}],"author":[{"embeddable":true,"href":"https:\/\/www.alfredboivin.com\/wordpress\/index.php\/wp-json\/wp\/v2\/users\/1"}],"replies":[{"embeddable":true,"href":"https:\/\/www.alfredboivin.com\/wordpress\/index.php\/wp-json\/wp\/v2\/comments?post=1350"}],"version-history":[{"count":9,"href":"https:\/\/www.alfredboivin.com\/wordpress\/index.php\/wp-json\/wp\/v2\/posts\/1350\/revisions"}],"predecessor-version":[{"id":9399,"href":"https:\/\/www.alfredboivin.com\/wordpress\/index.php\/wp-json\/wp\/v2\/posts\/1350\/revisions\/9399"}],"wp:featuredmedia":[{"embeddable":true,"href":"https:\/\/www.alfredboivin.com\/wordpress\/index.php\/wp-json\/wp\/v2\/media\/300"}],"wp:attachment":[{"href":"https:\/\/www.alfredboivin.com\/wordpress\/index.php\/wp-json\/wp\/v2\/media?parent=1350"}],"wp:term":[{"taxonomy":"category","embeddable":true,"href":"https:\/\/www.alfredboivin.com\/wordpress\/index.php\/wp-json\/wp\/v2\/categories?post=1350"},{"taxonomy":"post_tag","embeddable":true,"href":"https:\/\/www.alfredboivin.com\/wordpress\/index.php\/wp-json\/wp\/v2\/tags?post=1350"}],"curies":[{"name":"wp","href":"https:\/\/api.w.org\/{rel}","templated":true}]}}